{"id":940,"date":"2023-12-02T13:58:36","date_gmt":"2023-12-02T12:58:36","guid":{"rendered":"https:\/\/cyclo-le-teil.org\/?p=940"},"modified":"2024-02-17T19:20:09","modified_gmt":"2024-02-17T18:20:09","slug":"sortie-au-ventoux","status":"publish","type":"post","link":"https:\/\/cyclo-le-teil.org\/index.php\/2023\/12\/02\/sortie-au-ventoux\/","title":{"rendered":"Sortie au Ventoux"},"content":{"rendered":"\n<p>Le club a organis\u00e9 une sortie le 05 Septembre 2023 pour l\u2019ascension au Mont Ventoux par BEDOIN<\/p>\n\n\n\n<p>6 cyclistes (Andr\u00e9,Claude,Francis,Guy,Jean-Bernard,Pierrot) ont particip\u00e9. Pour certain c\u2019\u00e9tait une premi\u00e8re.<\/p>\n\n\n\n<p>D\u00e9part en voiture de LE TEIL vers 7h afin de partir au plus t\u00f4t pour \u00e9viter les fortes chaleurs de ce mois de septembre.<\/p>\n\n\n\n<p>D\u00e9part de Mormoiron peu apr\u00e8s 8 heures, temps ensoleill\u00e9 et temp\u00e9rature d\u00e9j\u00e0 chaude , en direction de Sault en passant par les merveilleuses gorges de la Nesque. Arr\u00eat au belv\u00e9d\u00e8re de Castelleras afin d\u2019admirer le grandiose Rocher du Cire et prendre quelques photos.<\/p>\n\n\n\n<p>Arriv\u00e9e \u00e0 Sault qui est l\u2019une des 3 routes pour l\u2019ascension du Mont Ventoux avec d\u00e9j\u00e0 34 kms et 700 m de d\u00e9nivel\u00e9 effectu\u00e9s. Il reste 26 kms pour arriver au sommet du g\u00e9ant de Provence 19 kms pour aller jusqu\u2019au Ch\u00e2let Reynard (partie assez facile) puis 7 kms pour arriver jusqu\u2019au sommet dont les 2 derniers sont tr\u00e8s difficiles. Enorm\u00e9ment de cyclistes tout au long de la mont\u00e9e et bien entendu au sommet o\u00f9 il est difficile de se faire une place pour prendre la photo souvenir.<\/p>\n\n\n\n<p>Ensuite retour vers Mormoiron tout au long de grande descente en passant par B\u00e9doin o\u00f9 Pierrot avait r\u00e9serv\u00e9 un petit resto tr\u00e8s sympa (merci \u00e0 lui bon repas et bonne bi\u00e8re). Au total ce sont pr\u00e8s de 87 kms effectu\u00e9s et 1800 m de d\u00e9nivel\u00e9. Fatigu\u00e9 mais tr\u00e8s content de cette matin\u00e9e le groupe s\u2019est dit qu\u2019il y retournerait l\u2019ann\u00e9e prochaine.<\/p>\n\n\n\n<figure class=\"wp-block-image size-large\"><img loading=\"lazy\" decoding=\"async\" width=\"768\" height=\"1024\" src=\"https:\/\/cyclo-le-teil.org\/wp-content\/uploads\/2023\/12\/20230905_130400-768x1024.jpg\" alt=\"\" class=\"wp-image-950\" srcset=\"https:\/\/cyclo-le-teil.org\/wp-content\/uploads\/2023\/12\/20230905_130400-768x1024.jpg 768w, https:\/\/cyclo-le-teil.org\/wp-content\/uploads\/2023\/12\/20230905_130400-225x300.jpg 225w, https:\/\/cyclo-le-teil.org\/wp-content\/uploads\/2023\/12\/20230905_130400-1152x1536.jpg 1152w, https:\/\/cyclo-le-teil.org\/wp-content\/uploads\/2023\/12\/20230905_130400-1536x2048.jpg 1536w, https:\/\/cyclo-le-teil.org\/wp-content\/uploads\/2023\/12\/20230905_130400-1024x1365.jpg 1024w, https:\/\/cyclo-le-teil.org\/wp-content\/uploads\/2023\/12\/20230905_130400-810x1080.jpg 810w, https:\/\/cyclo-le-teil.org\/wp-content\/uploads\/2023\/12\/20230905_130400-scaled.jpg 1920w\" sizes=\"(max-width: 768px) 100vw, 768px\" \/><\/figure>\n\n\n\n<figure class=\"wp-block-image size-full\"><img loading=\"lazy\" decoding=\"async\" width=\"994\" height=\"939\" src=\"https:\/\/cyclo-le-teil.org\/wp-content\/uploads\/2023\/12\/IMG-20230905-WA00071.jpg\" alt=\"\" class=\"wp-image-951\" srcset=\"https:\/\/cyclo-le-teil.org\/wp-content\/uploads\/2023\/12\/IMG-20230905-WA00071.jpg 994w, https:\/\/cyclo-le-teil.org\/wp-content\/uploads\/2023\/12\/IMG-20230905-WA00071-300x283.jpg 300w, https:\/\/cyclo-le-teil.org\/wp-content\/uploads\/2023\/12\/IMG-20230905-WA00071-768x726.jpg 768w\" sizes=\"(max-width: 994px) 100vw, 994px\" \/><\/figure>\n\n\n\n<figure class=\"wp-block-image size-large\"><img loading=\"lazy\" decoding=\"async\" width=\"985\" height=\"1024\" src=\"https:\/\/cyclo-le-teil.org\/wp-content\/uploads\/2023\/12\/IMG-20230905-WA00031-985x1024.jpg\" alt=\"\" class=\"wp-image-952\" srcset=\"https:\/\/cyclo-le-teil.org\/wp-content\/uploads\/2023\/12\/IMG-20230905-WA00031-985x1024.jpg 985w, https:\/\/cyclo-le-teil.org\/wp-content\/uploads\/2023\/12\/IMG-20230905-WA00031-289x300.jpg 289w, https:\/\/cyclo-le-teil.org\/wp-content\/uploads\/2023\/12\/IMG-20230905-WA00031-768x798.jpg 768w, https:\/\/cyclo-le-teil.org\/wp-content\/uploads\/2023\/12\/IMG-20230905-WA00031-1024x1065.jpg 1024w, https:\/\/cyclo-le-teil.org\/wp-content\/uploads\/2023\/12\/IMG-20230905-WA00031-1039x1080.jpg 1039w, https:\/\/cyclo-le-teil.org\/wp-content\/uploads\/2023\/12\/IMG-20230905-WA00031.jpg 1058w\" sizes=\"(max-width: 985px) 100vw, 985px\" \/><\/figure>\n\n\n\n<figure class=\"wp-block-image size-large\"><img loading=\"lazy\" decoding=\"async\" width=\"1024\" height=\"768\" src=\"https:\/\/cyclo-le-teil.org\/wp-content\/uploads\/2023\/12\/20230905_143937-1024x768.jpg\" alt=\"\" class=\"wp-image-953\" srcset=\"https:\/\/cyclo-le-teil.org\/wp-content\/uploads\/2023\/12\/20230905_143937-1024x768.jpg 1024w, https:\/\/cyclo-le-teil.org\/wp-content\/uploads\/2023\/12\/20230905_143937-300x225.jpg 300w, https:\/\/cyclo-le-teil.org\/wp-content\/uploads\/2023\/12\/20230905_143937-768x576.jpg 768w, https:\/\/cyclo-le-teil.org\/wp-content\/uploads\/2023\/12\/20230905_143937-1536x1152.jpg 1536w, https:\/\/cyclo-le-teil.org\/wp-content\/uploads\/2023\/12\/20230905_143937-2048x1536.jpg 2048w, https:\/\/cyclo-le-teil.org\/wp-content\/uploads\/2023\/12\/20230905_143937-1440x1080.jpg 1440w\" sizes=\"(max-width: 1024px) 100vw, 1024px\" \/><\/figure>\n","protected":false},"excerpt":{"rendered":"<p>Le club a organis\u00e9 une sortie le 05 Septembre 2023 pour l\u2019ascension au Mont Ventoux par BEDOIN 6 cyclistes (Andr\u00e9,Claude,Francis,Guy,Jean-Bernard,Pierrot) ont particip\u00e9. Pour certain c\u2019\u00e9tait une premi\u00e8re. D\u00e9part en voiture de LE TEIL vers 7h afin de partir au plus t\u00f4t pour \u00e9viter les fortes chaleurs de ce mois de septembre. D\u00e9part de Mormoiron peu&hellip; <br \/> <a class=\"read-more\" href=\"https:\/\/cyclo-le-teil.org\/index.php\/2023\/12\/02\/sortie-au-ventoux\/\">Lire la suite<\/a><\/p>\n","protected":false},"author":1,"featured_media":949,"comment_status":"open","ping_status":"open","sticky":false,"template":"","format":"standard","meta":{"footnotes":""},"categories":[6],"tags":[],"class_list":["post-940","post","type-post","status-publish","format-standard","has-post-thumbnail","hentry","category-sorties"],"_links":{"self":[{"href":"https:\/\/cyclo-le-teil.org\/index.php\/wp-json\/wp\/v2\/posts\/940"}],"collection":[{"href":"https:\/\/cyclo-le-teil.org\/index.php\/wp-json\/wp\/v2\/posts"}],"about":[{"href":"https:\/\/cyclo-le-teil.org\/index.php\/wp-json\/wp\/v2\/types\/post"}],"author":[{"embeddable":true,"href":"https:\/\/cyclo-le-teil.org\/index.php\/wp-json\/wp\/v2\/users\/1"}],"replies":[{"embeddable":true,"href":"https:\/\/cyclo-le-teil.org\/index.php\/wp-json\/wp\/v2\/comments?post=940"}],"version-history":[{"count":4,"href":"https:\/\/cyclo-le-teil.org\/index.php\/wp-json\/wp\/v2\/posts\/940\/revisions"}],"predecessor-version":[{"id":956,"href":"https:\/\/cyclo-le-teil.org\/index.php\/wp-json\/wp\/v2\/posts\/940\/revisions\/956"}],"wp:featuredmedia":[{"embeddable":true,"href":"https:\/\/cyclo-le-teil.org\/index.php\/wp-json\/wp\/v2\/media\/949"}],"wp:attachment":[{"href":"https:\/\/cyclo-le-teil.org\/index.php\/wp-json\/wp\/v2\/media?parent=940"}],"wp:term":[{"taxonomy":"category","embeddable":true,"href":"https:\/\/cyclo-le-teil.org\/index.php\/wp-json\/wp\/v2\/categories?post=940"},{"taxonomy":"post_tag","embeddable":true,"href":"https:\/\/cyclo-le-teil.org\/index.php\/wp-json\/wp\/v2\/tags?post=940"}],"curies":[{"name":"wp","href":"https:\/\/api.w.org\/{rel}","templated":true}]}}