{"id":923,"date":"2023-12-03T10:26:28","date_gmt":"2023-12-03T09:26:28","guid":{"rendered":"https:\/\/cyclo-le-teil.org\/?p=923"},"modified":"2024-02-17T19:19:47","modified_gmt":"2024-02-17T18:19:47","slug":"repas-fin-dannee-2023","status":"publish","type":"post","link":"https:\/\/cyclo-le-teil.org\/index.php\/2023\/12\/03\/repas-fin-dannee-2023\/","title":{"rendered":"Repas fin d&rsquo;ann\u00e9e 2023"},"content":{"rendered":"\n<p class=\"has-medium-font-size\">Ce vendredi 30 novembre, 37 participants \u00e9taient pr\u00e9sents au repas de fin d&rsquo;ann\u00e9e du club !<\/p>\n\n\n\n<p class=\"has-medium-font-size\"> Pour marquer l&rsquo;approche des f\u00eates, les cyclos et leurs conjoints(es) ont pass\u00e9 une chouette soir\u00e9e autour d&rsquo;un repas \u00e0 la Fourchette. Cela a \u00e9t\u00e9 aussi l&rsquo;occasion de c\u00e9l\u00e9brer nos plus de 80 : Henri, Jacques et Guy.<\/p>\n\n\n\n<p class=\"has-medium-font-size\"> A l&rsquo;ann\u00e9e prochaine avec une date \u00e0 fixer tr\u00e8s t\u00f4t afin que le plus grand nombre d&rsquo;adh\u00e9rents puissent \u00eatre pr\u00e9sents.<\/p>\n\n\n\n<p>LE MOT DU PR\u00c9SIDENT<\/p>\n\n\n\n<div data-wp-interactive=\"core\/file\" class=\"wp-block-file\"><object data-wp-bind--hidden=\"!state.hasPdfPreview\"  class=\"wp-block-file__embed\" data=\"http:\/\/cyclo-le-teil.org\/wp-content\/uploads\/2024\/01\/Discours.pdf\" type=\"application\/pdf\" style=\"width:100%;height:600px\" aria-label=\"Contenu embarqu\u00e9 Discours du Pr\u00e9sident.\"><\/object><a id=\"wp-block-file--media-23befb7c-ae70-4e2e-835b-00287b9d4540\" href=\"http:\/\/cyclo-le-teil.org\/wp-content\/uploads\/2024\/01\/Discours.pdf\">Discours du Pr\u00e9sident<\/a><a href=\"http:\/\/cyclo-le-teil.org\/wp-content\/uploads\/2024\/01\/Discours.pdf\" class=\"wp-block-file__button wp-element-button\" download aria-describedby=\"wp-block-file--media-23befb7c-ae70-4e2e-835b-00287b9d4540\"><\/a><\/div>\n\n\n\n<p><\/p>\n\n\n\n<figure class=\"wp-block-image size-full is-resized\"><img loading=\"lazy\" decoding=\"async\" width=\"624\" height=\"837\" src=\"https:\/\/cyclo-le-teil.org\/wp-content\/uploads\/2023\/12\/IMG-20231201-WA0003-1.jpg\" alt=\"\" class=\"wp-image-931\" style=\"width:839px;height:auto\" srcset=\"https:\/\/cyclo-le-teil.org\/wp-content\/uploads\/2023\/12\/IMG-20231201-WA0003-1.jpg 624w, https:\/\/cyclo-le-teil.org\/wp-content\/uploads\/2023\/12\/IMG-20231201-WA0003-1-224x300.jpg 224w\" sizes=\"(max-width: 624px) 100vw, 624px\" \/><\/figure>\n\n\n\n<figure class=\"wp-block-image size-full\"><img loading=\"lazy\" decoding=\"async\" width=\"956\" height=\"717\" src=\"https:\/\/cyclo-le-teil.org\/wp-content\/uploads\/2023\/12\/IMG-20231201-WA0004-1.jpg\" alt=\"\" class=\"wp-image-932\" srcset=\"https:\/\/cyclo-le-teil.org\/wp-content\/uploads\/2023\/12\/IMG-20231201-WA0004-1.jpg 956w, https:\/\/cyclo-le-teil.org\/wp-content\/uploads\/2023\/12\/IMG-20231201-WA0004-1-300x225.jpg 300w, https:\/\/cyclo-le-teil.org\/wp-content\/uploads\/2023\/12\/IMG-20231201-WA0004-1-768x576.jpg 768w\" sizes=\"(max-width: 956px) 100vw, 956px\" \/><\/figure>\n\n\n\n<figure class=\"wp-block-image size-full\"><img loading=\"lazy\" decoding=\"async\" width=\"956\" height=\"717\" src=\"https:\/\/cyclo-le-teil.org\/wp-content\/uploads\/2023\/12\/IMG-20231201-WA0005-1.jpg\" alt=\"\" class=\"wp-image-933\" srcset=\"https:\/\/cyclo-le-teil.org\/wp-content\/uploads\/2023\/12\/IMG-20231201-WA0005-1.jpg 956w, https:\/\/cyclo-le-teil.org\/wp-content\/uploads\/2023\/12\/IMG-20231201-WA0005-1-300x225.jpg 300w, https:\/\/cyclo-le-teil.org\/wp-content\/uploads\/2023\/12\/IMG-20231201-WA0005-1-768x576.jpg 768w\" sizes=\"(max-width: 956px) 100vw, 956px\" \/><\/figure>\n\n\n\n<figure class=\"wp-block-image size-full\"><img loading=\"lazy\" decoding=\"async\" width=\"956\" height=\"717\" src=\"https:\/\/cyclo-le-teil.org\/wp-content\/uploads\/2023\/12\/IMG-20231201-WA0006-1.jpg\" alt=\"\" class=\"wp-image-934\" srcset=\"https:\/\/cyclo-le-teil.org\/wp-content\/uploads\/2023\/12\/IMG-20231201-WA0006-1.jpg 956w, https:\/\/cyclo-le-teil.org\/wp-content\/uploads\/2023\/12\/IMG-20231201-WA0006-1-300x225.jpg 300w, https:\/\/cyclo-le-teil.org\/wp-content\/uploads\/2023\/12\/IMG-20231201-WA0006-1-768x576.jpg 768w\" sizes=\"(max-width: 956px) 100vw, 956px\" \/><\/figure>\n\n\n\n<figure class=\"wp-block-image size-full\"><img loading=\"lazy\" decoding=\"async\" width=\"956\" height=\"717\" src=\"https:\/\/cyclo-le-teil.org\/wp-content\/uploads\/2023\/12\/IMG-20231201-WA0007-1.jpg\" alt=\"\" class=\"wp-image-935\" srcset=\"https:\/\/cyclo-le-teil.org\/wp-content\/uploads\/2023\/12\/IMG-20231201-WA0007-1.jpg 956w, https:\/\/cyclo-le-teil.org\/wp-content\/uploads\/2023\/12\/IMG-20231201-WA0007-1-300x225.jpg 300w, https:\/\/cyclo-le-teil.org\/wp-content\/uploads\/2023\/12\/IMG-20231201-WA0007-1-768x576.jpg 768w\" sizes=\"(max-width: 956px) 100vw, 956px\" \/><\/figure>\n\n\n\n<figure class=\"wp-block-image size-full\"><img loading=\"lazy\" decoding=\"async\" width=\"956\" height=\"717\" src=\"https:\/\/cyclo-le-teil.org\/wp-content\/uploads\/2023\/12\/IMG-20231201-WA0008-1.jpg\" alt=\"\" class=\"wp-image-936\" srcset=\"https:\/\/cyclo-le-teil.org\/wp-content\/uploads\/2023\/12\/IMG-20231201-WA0008-1.jpg 956w, https:\/\/cyclo-le-teil.org\/wp-content\/uploads\/2023\/12\/IMG-20231201-WA0008-1-300x225.jpg 300w, https:\/\/cyclo-le-teil.org\/wp-content\/uploads\/2023\/12\/IMG-20231201-WA0008-1-768x576.jpg 768w\" sizes=\"(max-width: 956px) 100vw, 956px\" \/><\/figure>\n","protected":false},"excerpt":{"rendered":"<p>Ce vendredi 30 novembre, 37 participants \u00e9taient pr\u00e9sents au repas de fin d&rsquo;ann\u00e9e du club ! Pour marquer l&rsquo;approche des f\u00eates, les cyclos et leurs conjoints(es) ont pass\u00e9 une chouette soir\u00e9e autour d&rsquo;un repas \u00e0 la Fourchette. Cela a \u00e9t\u00e9 aussi l&rsquo;occasion de c\u00e9l\u00e9brer nos plus de 80 : Henri, Jacques et Guy. A l&rsquo;ann\u00e9e&hellip; <br \/> <a class=\"read-more\" href=\"https:\/\/cyclo-le-teil.org\/index.php\/2023\/12\/03\/repas-fin-dannee-2023\/\">Lire la suite<\/a><\/p>\n","protected":false},"author":1,"featured_media":927,"comment_status":"open","ping_status":"open","sticky":false,"template":"","format":"standard","meta":{"footnotes":""},"categories":[14],"tags":[],"class_list":["post-923","post","type-post","status-publish","format-standard","has-post-thumbnail","hentry","category-vie-du-club"],"_links":{"self":[{"href":"https:\/\/cyclo-le-teil.org\/index.php\/wp-json\/wp\/v2\/posts\/923"}],"collection":[{"href":"https:\/\/cyclo-le-teil.org\/index.php\/wp-json\/wp\/v2\/posts"}],"about":[{"href":"https:\/\/cyclo-le-teil.org\/index.php\/wp-json\/wp\/v2\/types\/post"}],"author":[{"embeddable":true,"href":"https:\/\/cyclo-le-teil.org\/index.php\/wp-json\/wp\/v2\/users\/1"}],"replies":[{"embeddable":true,"href":"https:\/\/cyclo-le-teil.org\/index.php\/wp-json\/wp\/v2\/comments?post=923"}],"version-history":[{"count":9,"href":"https:\/\/cyclo-le-teil.org\/index.php\/wp-json\/wp\/v2\/posts\/923\/revisions"}],"predecessor-version":[{"id":981,"href":"https:\/\/cyclo-le-teil.org\/index.php\/wp-json\/wp\/v2\/posts\/923\/revisions\/981"}],"wp:featuredmedia":[{"embeddable":true,"href":"https:\/\/cyclo-le-teil.org\/index.php\/wp-json\/wp\/v2\/media\/927"}],"wp:attachment":[{"href":"https:\/\/cyclo-le-teil.org\/index.php\/wp-json\/wp\/v2\/media?parent=923"}],"wp:term":[{"taxonomy":"category","embeddable":true,"href":"https:\/\/cyclo-le-teil.org\/index.php\/wp-json\/wp\/v2\/categories?post=923"},{"taxonomy":"post_tag","embeddable":true,"href":"https:\/\/cyclo-le-teil.org\/index.php\/wp-json\/wp\/v2\/tags?post=923"}],"curies":[{"name":"wp","href":"https:\/\/api.w.org\/{rel}","templated":true}]}}