{"id":881,"date":"2023-11-10T12:21:42","date_gmt":"2023-11-10T11:21:42","guid":{"rendered":"https:\/\/cyclo-le-teil.org\/?p=881"},"modified":"2024-02-17T19:25:15","modified_gmt":"2024-02-17T18:25:15","slug":"dernieres-infos","status":"publish","type":"post","link":"https:\/\/cyclo-le-teil.org\/index.php\/2023\/11\/10\/dernieres-infos\/","title":{"rendered":"Derni\u00e8res infos"},"content":{"rendered":"\n<p class=\"has-medium-font-size\">Bonjour \u00e0 tous voici un petit rappel des derniers sujets discut\u00e9s lors de l&rsquo;assembl\u00e9e g\u00e9n\u00e9rale<\/p>\n\n\n\n<div class=\"wp-block-file\"><a id=\"wp-block-file--media-9dc0ca57-c9ca-4074-8b81-92df3fc4fcaf\" href=\"https:\/\/cyclo-le-teil.org\/wp-content\/uploads\/2023\/11\/COMPTE-RENDU-AG-du-25-OCTOBRE-2023.docx\"><br><br>COMPTE-RENDU-AG-du-25-OCTOBRE-2023<\/a><a href=\"https:\/\/cyclo-le-teil.org\/wp-content\/uploads\/2023\/11\/COMPTE-RENDU-AG-du-25-OCTOBRE-2023.docx\" class=\"wp-block-file__button wp-element-button\" download aria-describedby=\"wp-block-file--media-9dc0ca57-c9ca-4074-8b81-92df3fc4fcaf\">T\u00e9l\u00e9charger<\/a><\/div>\n\n\n\n<div class=\"wp-block-file\"><a id=\"wp-block-file--media-6ca1122e-6cc6-457e-a5e3-2f845602b41f\" href=\"https:\/\/cyclo-le-teil.org\/wp-content\/uploads\/2023\/11\/repas-cyclos-JEUDI-30-NOVEMBRE-2023-1.xlsx\">repas-cyclos-JEUDI-30-NOVEMBRE-2023-1<\/a><a href=\"https:\/\/cyclo-le-teil.org\/wp-content\/uploads\/2023\/11\/repas-cyclos-JEUDI-30-NOVEMBRE-2023-1.xlsx\" class=\"wp-block-file__button wp-element-button\" download aria-describedby=\"wp-block-file--media-6ca1122e-6cc6-457e-a5e3-2f845602b41f\">T\u00e9l\u00e9charger<\/a><\/div>\n\n\n\n<figure class=\"wp-block-image size-large is-resized\"><img loading=\"lazy\" decoding=\"async\" width=\"1024\" height=\"768\" src=\"http:\/\/cyclo-le-teil.org\/wp-content\/uploads\/2023\/11\/IMG-20230928-WA0002-1024x768.jpg\" alt=\"\" class=\"wp-image-896\" srcset=\"https:\/\/cyclo-le-teil.org\/wp-content\/uploads\/2023\/11\/IMG-20230928-WA0002-1024x768.jpg 1024w, https:\/\/cyclo-le-teil.org\/wp-content\/uploads\/2023\/11\/IMG-20230928-WA0002-300x225.jpg 300w, https:\/\/cyclo-le-teil.org\/wp-content\/uploads\/2023\/11\/IMG-20230928-WA0002-768x576.jpg 768w, https:\/\/cyclo-le-teil.org\/wp-content\/uploads\/2023\/11\/IMG-20230928-WA0002-1536x1153.jpg 1536w, https:\/\/cyclo-le-teil.org\/wp-content\/uploads\/2023\/11\/IMG-20230928-WA0002-1439x1080.jpg 1439w, https:\/\/cyclo-le-teil.org\/wp-content\/uploads\/2023\/11\/IMG-20230928-WA0002.jpg 1599w\" sizes=\"(max-width: 1024px) 100vw, 1024px\" \/><\/figure>\n\n\n\n<figure class=\"wp-block-image size-large is-resized\"><img loading=\"lazy\" decoding=\"async\" width=\"1024\" height=\"768\" src=\"http:\/\/cyclo-le-teil.org\/wp-content\/uploads\/2023\/11\/IMG-20230928-WA00001-1024x768.jpg\" alt=\"\" class=\"wp-image-895\" srcset=\"https:\/\/cyclo-le-teil.org\/wp-content\/uploads\/2023\/11\/IMG-20230928-WA00001-1024x768.jpg 1024w, https:\/\/cyclo-le-teil.org\/wp-content\/uploads\/2023\/11\/IMG-20230928-WA00001-300x225.jpg 300w, https:\/\/cyclo-le-teil.org\/wp-content\/uploads\/2023\/11\/IMG-20230928-WA00001-768x576.jpg 768w, https:\/\/cyclo-le-teil.org\/wp-content\/uploads\/2023\/11\/IMG-20230928-WA00001-1536x1153.jpg 1536w, https:\/\/cyclo-le-teil.org\/wp-content\/uploads\/2023\/11\/IMG-20230928-WA00001-1439x1080.jpg 1439w, https:\/\/cyclo-le-teil.org\/wp-content\/uploads\/2023\/11\/IMG-20230928-WA00001.jpg 1599w\" sizes=\"(max-width: 1024px) 100vw, 1024px\" \/><\/figure>\n\n\n\n<p class=\"has-medium-font-size\"> <em>N&rsquo;oubliez pas la commande des tenues de v\u00e9lo et bien s\u00fbr le s\u00e9jour au lavandou<\/em>. <\/p>\n\n\n\n<p class=\"has-medium-font-size\"><em>Au sujet du Pigeonnier, il aura lieu le dimanche 21 avril 2024.<\/em><\/p>\n\n\n\n<figure class=\"wp-block-image size-large\"><img loading=\"lazy\" decoding=\"async\" width=\"1024\" height=\"495\" src=\"https:\/\/cyclo-le-teil.org\/wp-content\/uploads\/2023\/11\/sejour-au-Lavandou-du-09-06-au-15-06-2024-1024x495.gif\" alt=\"\" class=\"wp-image-889\" srcset=\"https:\/\/cyclo-le-teil.org\/wp-content\/uploads\/2023\/11\/sejour-au-Lavandou-du-09-06-au-15-06-2024-1024x495.gif 1024w, https:\/\/cyclo-le-teil.org\/wp-content\/uploads\/2023\/11\/sejour-au-Lavandou-du-09-06-au-15-06-2024-300x145.gif 300w, https:\/\/cyclo-le-teil.org\/wp-content\/uploads\/2023\/11\/sejour-au-Lavandou-du-09-06-au-15-06-2024-768x371.gif 768w\" sizes=\"(max-width: 1024px) 100vw, 1024px\" \/><\/figure>\n\n\n\n<figure class=\"wp-block-embed is-type-wp-embed is-provider-office-de-tourisme-du-lavandou wp-block-embed-office-de-tourisme-du-lavandou\"><div class=\"wp-block-embed__wrapper\">\nhttps:\/\/www.ot-lelavandou.fr\/residences-de-vacances-lelavandou\/la-grande-bastide-vacances-passion\/\n<\/div><\/figure>\n","protected":false},"excerpt":{"rendered":"<p>Bonjour \u00e0 tous voici un petit rappel des derniers sujets discut\u00e9s lors de l&rsquo;assembl\u00e9e g\u00e9n\u00e9rale N&rsquo;oubliez pas la commande des tenues de v\u00e9lo et bien s\u00fbr le s\u00e9jour au lavandou. Au sujet du Pigeonnier, il aura lieu le dimanche 21 avril 2024.<\/p>\n","protected":false},"author":1,"featured_media":889,"comment_status":"open","ping_status":"open","sticky":false,"template":"","format":"standard","meta":{"footnotes":""},"categories":[14],"tags":[],"class_list":["post-881","post","type-post","status-publish","format-standard","has-post-thumbnail","hentry","category-vie-du-club"],"_links":{"self":[{"href":"https:\/\/cyclo-le-teil.org\/index.php\/wp-json\/wp\/v2\/posts\/881"}],"collection":[{"href":"https:\/\/cyclo-le-teil.org\/index.php\/wp-json\/wp\/v2\/posts"}],"about":[{"href":"https:\/\/cyclo-le-teil.org\/index.php\/wp-json\/wp\/v2\/types\/post"}],"author":[{"embeddable":true,"href":"https:\/\/cyclo-le-teil.org\/index.php\/wp-json\/wp\/v2\/users\/1"}],"replies":[{"embeddable":true,"href":"https:\/\/cyclo-le-teil.org\/index.php\/wp-json\/wp\/v2\/comments?post=881"}],"version-history":[{"count":15,"href":"https:\/\/cyclo-le-teil.org\/index.php\/wp-json\/wp\/v2\/posts\/881\/revisions"}],"predecessor-version":[{"id":961,"href":"https:\/\/cyclo-le-teil.org\/index.php\/wp-json\/wp\/v2\/posts\/881\/revisions\/961"}],"wp:featuredmedia":[{"embeddable":true,"href":"https:\/\/cyclo-le-teil.org\/index.php\/wp-json\/wp\/v2\/media\/889"}],"wp:attachment":[{"href":"https:\/\/cyclo-le-teil.org\/index.php\/wp-json\/wp\/v2\/media?parent=881"}],"wp:term":[{"taxonomy":"category","embeddable":true,"href":"https:\/\/cyclo-le-teil.org\/index.php\/wp-json\/wp\/v2\/categories?post=881"},{"taxonomy":"post_tag","embeddable":true,"href":"https:\/\/cyclo-le-teil.org\/index.php\/wp-json\/wp\/v2\/tags?post=881"}],"curies":[{"name":"wp","href":"https:\/\/api.w.org\/{rel}","templated":true}]}}