{"id":821,"date":"2023-01-10T15:14:24","date_gmt":"2023-01-10T14:14:24","guid":{"rendered":"http:\/\/cyclo-le-teil.org\/?p=821"},"modified":"2023-03-29T14:31:13","modified_gmt":"2023-03-29T12:31:13","slug":"sejour-cyclo-du-9-au-24-juin-2023","status":"publish","type":"post","link":"https:\/\/cyclo-le-teil.org\/index.php\/2023\/01\/10\/sejour-cyclo-du-9-au-24-juin-2023\/","title":{"rendered":"S\u00e9jour cyclo du 9 au 24 Juin 2023"},"content":{"rendered":"\n<p>Le club organise un s\u00e9jour de 5 jours \u00e0 Ramatuelle du Lundi 19 Juin au Samedi 24 Juin 2023.Le s\u00e9jour est en pension compl\u00e8te contacter le 07 67 58 81 40 pour plus de renseignements.<\/p>\n\n\n\n<figure class=\"wp-block-image size-large\"><img loading=\"lazy\" decoding=\"async\" width=\"898\" height=\"1024\" src=\"http:\/\/cyclo-le-teil.org\/wp-content\/uploads\/2023\/01\/IMG_20230110_151002__01-1-898x1024.jpg\" alt=\"\" class=\"wp-image-830\" srcset=\"https:\/\/cyclo-le-teil.org\/wp-content\/uploads\/2023\/01\/IMG_20230110_151002__01-1-898x1024.jpg 898w, https:\/\/cyclo-le-teil.org\/wp-content\/uploads\/2023\/01\/IMG_20230110_151002__01-1-263x300.jpg 263w, https:\/\/cyclo-le-teil.org\/wp-content\/uploads\/2023\/01\/IMG_20230110_151002__01-1-768x875.jpg 768w, https:\/\/cyclo-le-teil.org\/wp-content\/uploads\/2023\/01\/IMG_20230110_151002__01-1-1348x1536.jpg 1348w, https:\/\/cyclo-le-teil.org\/wp-content\/uploads\/2023\/01\/IMG_20230110_151002__01-1-1024x1167.jpg 1024w, https:\/\/cyclo-le-teil.org\/wp-content\/uploads\/2023\/01\/IMG_20230110_151002__01-1-948x1080.jpg 948w, https:\/\/cyclo-le-teil.org\/wp-content\/uploads\/2023\/01\/IMG_20230110_151002__01-1.jpg 1559w\" sizes=\"(max-width: 898px) 100vw, 898px\" \/><\/figure>\n\n\n\n\n\n\n\n\n","protected":false},"excerpt":{"rendered":"<p>Le club organise un s\u00e9jour de 5 jours \u00e0 Ramatuelle du Lundi 19 Juin au Samedi 24 Juin 2023.Le s\u00e9jour est en pension compl\u00e8te contacter le 07 67 58 81 40 pour plus de renseignements.<\/p>\n","protected":false},"author":1,"featured_media":824,"comment_status":"open","ping_status":"open","sticky":false,"template":"","format":"standard","meta":{"footnotes":""},"categories":[9,14],"tags":[],"class_list":["post-821","post","type-post","status-publish","format-standard","has-post-thumbnail","hentry","category-sejours","category-vie-du-club"],"_links":{"self":[{"href":"https:\/\/cyclo-le-teil.org\/index.php\/wp-json\/wp\/v2\/posts\/821"}],"collection":[{"href":"https:\/\/cyclo-le-teil.org\/index.php\/wp-json\/wp\/v2\/posts"}],"about":[{"href":"https:\/\/cyclo-le-teil.org\/index.php\/wp-json\/wp\/v2\/types\/post"}],"author":[{"embeddable":true,"href":"https:\/\/cyclo-le-teil.org\/index.php\/wp-json\/wp\/v2\/users\/1"}],"replies":[{"embeddable":true,"href":"https:\/\/cyclo-le-teil.org\/index.php\/wp-json\/wp\/v2\/comments?post=821"}],"version-history":[{"count":3,"href":"https:\/\/cyclo-le-teil.org\/index.php\/wp-json\/wp\/v2\/posts\/821\/revisions"}],"predecessor-version":[{"id":831,"href":"https:\/\/cyclo-le-teil.org\/index.php\/wp-json\/wp\/v2\/posts\/821\/revisions\/831"}],"wp:featuredmedia":[{"embeddable":true,"href":"https:\/\/cyclo-le-teil.org\/index.php\/wp-json\/wp\/v2\/media\/824"}],"wp:attachment":[{"href":"https:\/\/cyclo-le-teil.org\/index.php\/wp-json\/wp\/v2\/media?parent=821"}],"wp:term":[{"taxonomy":"category","embeddable":true,"href":"https:\/\/cyclo-le-teil.org\/index.php\/wp-json\/wp\/v2\/categories?post=821"},{"taxonomy":"post_tag","embeddable":true,"href":"https:\/\/cyclo-le-teil.org\/index.php\/wp-json\/wp\/v2\/tags?post=821"}],"curies":[{"name":"wp","href":"https:\/\/api.w.org\/{rel}","templated":true}]}}