{"id":679,"date":"2021-10-28T17:43:30","date_gmt":"2021-10-28T15:43:30","guid":{"rendered":"http:\/\/cyclo-le-teil.org\/?p=679"},"modified":"2021-11-01T19:52:36","modified_gmt":"2021-11-01T18:52:36","slug":"679","status":"publish","type":"post","link":"https:\/\/cyclo-le-teil.org\/index.php\/2021\/10\/28\/679\/","title":{"rendered":"Quand les f\u00e9minines du club croisent les cyclos&#8230;"},"content":{"rendered":"<p>Ils \u00e9taient parti chacun de leur c\u00f4t\u00e9 : les cyclos dans la Dr\u00f4me proven\u00e7ale et les f\u00e9minines du club en v\u00e9los \u00e9lectrique en Ard\u00e8che.<\/p>\n<p>Les f\u00e9minines ont fait un aller-retour Le Teil\/Bourg-Saint And\u00e9ol : 3h30 de sortie et un peu plus de 50 km. Bravo !!<br \/>\nLes cyclos ont roul\u00e9 pendant 4h et ont parcouru environ 70 km.<\/p>\n<p style=\"text-align: left;\">Par le plus grand des hasards, tout ce petit monde s&rsquo;est retrouv\u00e9 \u00e0 la passerelles de Viviers.<\/p>\n<p style=\"text-align: center;\"><a href=\"http:\/\/cyclo-le-teil.org\/20211018_sortie-velo-filles3\/\"><img loading=\"lazy\" decoding=\"async\" class=\"aligncenter size-medium wp-image-684\" src=\"http:\/\/cyclo-le-teil.org\/wp-content\/uploads\/2021\/11\/20211018_Sortie-v\u00e9lo-filles3-300x225.jpg\" alt=\"\" width=\"300\" height=\"225\" srcset=\"https:\/\/cyclo-le-teil.org\/wp-content\/uploads\/2021\/11\/20211018_Sortie-v\u00e9lo-filles3-300x225.jpg 300w, https:\/\/cyclo-le-teil.org\/wp-content\/uploads\/2021\/11\/20211018_Sortie-v\u00e9lo-filles3-768x575.jpg 768w, https:\/\/cyclo-le-teil.org\/wp-content\/uploads\/2021\/11\/20211018_Sortie-v\u00e9lo-filles3-1024x766.jpg 1024w, https:\/\/cyclo-le-teil.org\/wp-content\/uploads\/2021\/11\/20211018_Sortie-v\u00e9lo-filles3-1443x1080.jpg 1443w\" sizes=\"(max-width: 300px) 100vw, 300px\" \/><\/a><\/p>\n","protected":false},"excerpt":{"rendered":"<p>Ils \u00e9taient parti chacun de leur c\u00f4t\u00e9 : les cyclos dans la Dr\u00f4me proven\u00e7ale et les f\u00e9minines du club en v\u00e9los \u00e9lectrique en Ard\u00e8che. Les f\u00e9minines ont fait un aller-retour Le Teil\/Bourg-Saint And\u00e9ol : 3h30 de sortie et un peu plus de 50 km. Bravo !! Les cyclos ont roul\u00e9 pendant 4h et ont parcouru&hellip; <br \/> <a class=\"read-more\" href=\"https:\/\/cyclo-le-teil.org\/index.php\/2021\/10\/28\/679\/\">Lire la suite<\/a><\/p>\n","protected":false},"author":1,"featured_media":682,"comment_status":"open","ping_status":"open","sticky":false,"template":"","format":"standard","meta":{"footnotes":""},"categories":[6],"tags":[],"class_list":["post-679","post","type-post","status-publish","format-standard","has-post-thumbnail","hentry","category-sorties"],"_links":{"self":[{"href":"https:\/\/cyclo-le-teil.org\/index.php\/wp-json\/wp\/v2\/posts\/679"}],"collection":[{"href":"https:\/\/cyclo-le-teil.org\/index.php\/wp-json\/wp\/v2\/posts"}],"about":[{"href":"https:\/\/cyclo-le-teil.org\/index.php\/wp-json\/wp\/v2\/types\/post"}],"author":[{"embeddable":true,"href":"https:\/\/cyclo-le-teil.org\/index.php\/wp-json\/wp\/v2\/users\/1"}],"replies":[{"embeddable":true,"href":"https:\/\/cyclo-le-teil.org\/index.php\/wp-json\/wp\/v2\/comments?post=679"}],"version-history":[{"count":0,"href":"https:\/\/cyclo-le-teil.org\/index.php\/wp-json\/wp\/v2\/posts\/679\/revisions"}],"wp:featuredmedia":[{"embeddable":true,"href":"https:\/\/cyclo-le-teil.org\/index.php\/wp-json\/wp\/v2\/media\/682"}],"wp:attachment":[{"href":"https:\/\/cyclo-le-teil.org\/index.php\/wp-json\/wp\/v2\/media?parent=679"}],"wp:term":[{"taxonomy":"category","embeddable":true,"href":"https:\/\/cyclo-le-teil.org\/index.php\/wp-json\/wp\/v2\/categories?post=679"},{"taxonomy":"post_tag","embeddable":true,"href":"https:\/\/cyclo-le-teil.org\/index.php\/wp-json\/wp\/v2\/tags?post=679"}],"curies":[{"name":"wp","href":"https:\/\/api.w.org\/{rel}","templated":true}]}}