{"id":656,"date":"2020-08-09T18:34:14","date_gmt":"2020-08-09T16:34:14","guid":{"rendered":"http:\/\/cyclo-le-teil.org\/?p=656"},"modified":"2020-08-09T18:34:14","modified_gmt":"2020-08-09T16:34:14","slug":"balade-sur-le-plateau-ardechois","status":"publish","type":"post","link":"https:\/\/cyclo-le-teil.org\/index.php\/2020\/08\/09\/balade-sur-le-plateau-ardechois\/","title":{"rendered":"Balade sur le plateau ard\u00e9chois"},"content":{"rendered":"<p><strong>Mercredi 5 ao\u00fbt<\/strong>, 8 membres du club sont all\u00e9s faire une <strong>superbe balade sur le plateau ard\u00e9chois.<\/strong> A signaler un d\u00e9part minut\u00e9 \u00e0 6h30 du Teil et \u00e0 7h30 pr\u00e9cises de Vals-les-Bains ! M\u00e9t\u00e9o id\u00e9ale, pas trop chaud et vent cl\u00e9ment.<\/p>\n<p>Apr\u00e8s Burzet, c&rsquo;\u00e9tait la longue mont\u00e9e du col de la Varricaude, bien connu des participants \u00e0 \u00ab\u00a0l&rsquo;Ard\u00e9choise\u00a0\u00bb. Dans la foul\u00e9e, Ste Eulalie puis le Gerbier o\u00f9 des gourmands ont d\u00e9gust\u00e9 une succulente tarte \u00e0 la myrtille ! Apr\u00e8s, l&rsquo;essentiel \u00e9tait fait. Un petit arr\u00eat apr\u00e8s Lachamp-Raphael pour admirer les Alpes lointaines. Certains ont cru distinguer la Meje et m\u00eame le Mont-Blanc&#8230;<\/p>\n<p>C&rsquo;est masqu\u00e9 que les cyclos se sont arr\u00eat\u00e9s au restaurant \u00e0 M\u00e9zilhac. Le pr\u00e9sident a offert l&rsquo;ap\u00e9ritif pour son anniversaire&#8230;. Puis retour sur Vals-les-Bains par St Joseph-des-Bancs et Genestelle avec la chaleur et 3 km de route gravillonn\u00e9e de frais en descente.<\/p>\n<p>Une excellente journ\u00e9e qui ne demande qu&rsquo;une suite dans un autre lieu. Un bonheur simple partag\u00e9 par un groupe de copains, que demander de plus si ce n&rsquo;est de pouvoir recommencer souvent ?<\/p>\n<p>Donc la prochaine sortie du club devrait avoir lieu dans les environs de Villefort pour d\u00e9couvrir les paysages de la Loz\u00e8re et de l&rsquo;Ard\u00e8che m\u00e9ridionale.<\/p>\n","protected":false},"excerpt":{"rendered":"<p>Mercredi 5 ao\u00fbt, 8 membres du club sont all\u00e9s faire une superbe balade sur le plateau ard\u00e9chois. A signaler un d\u00e9part minut\u00e9 \u00e0 6h30 du Teil et \u00e0 7h30 pr\u00e9cises de Vals-les-Bains ! M\u00e9t\u00e9o id\u00e9ale, pas trop chaud et vent cl\u00e9ment. Apr\u00e8s Burzet, c&rsquo;\u00e9tait la longue mont\u00e9e du col de la Varricaude, bien connu des&hellip; <br \/> <a class=\"read-more\" href=\"https:\/\/cyclo-le-teil.org\/index.php\/2020\/08\/09\/balade-sur-le-plateau-ardechois\/\">Lire la suite<\/a><\/p>\n","protected":false},"author":1,"featured_media":660,"comment_status":"open","ping_status":"open","sticky":false,"template":"","format":"standard","meta":{"footnotes":""},"categories":[6],"tags":[],"class_list":["post-656","post","type-post","status-publish","format-standard","has-post-thumbnail","hentry","category-sorties"],"_links":{"self":[{"href":"https:\/\/cyclo-le-teil.org\/index.php\/wp-json\/wp\/v2\/posts\/656"}],"collection":[{"href":"https:\/\/cyclo-le-teil.org\/index.php\/wp-json\/wp\/v2\/posts"}],"about":[{"href":"https:\/\/cyclo-le-teil.org\/index.php\/wp-json\/wp\/v2\/types\/post"}],"author":[{"embeddable":true,"href":"https:\/\/cyclo-le-teil.org\/index.php\/wp-json\/wp\/v2\/users\/1"}],"replies":[{"embeddable":true,"href":"https:\/\/cyclo-le-teil.org\/index.php\/wp-json\/wp\/v2\/comments?post=656"}],"version-history":[{"count":0,"href":"https:\/\/cyclo-le-teil.org\/index.php\/wp-json\/wp\/v2\/posts\/656\/revisions"}],"wp:featuredmedia":[{"embeddable":true,"href":"https:\/\/cyclo-le-teil.org\/index.php\/wp-json\/wp\/v2\/media\/660"}],"wp:attachment":[{"href":"https:\/\/cyclo-le-teil.org\/index.php\/wp-json\/wp\/v2\/media?parent=656"}],"wp:term":[{"taxonomy":"category","embeddable":true,"href":"https:\/\/cyclo-le-teil.org\/index.php\/wp-json\/wp\/v2\/categories?post=656"},{"taxonomy":"post_tag","embeddable":true,"href":"https:\/\/cyclo-le-teil.org\/index.php\/wp-json\/wp\/v2\/tags?post=656"}],"curies":[{"name":"wp","href":"https:\/\/api.w.org\/{rel}","templated":true}]}}