{"id":556,"date":"2019-12-08T12:19:32","date_gmt":"2019-12-08T11:19:32","guid":{"rendered":"http:\/\/cyclo-le-teil.org\/?p=556"},"modified":"2024-02-17T19:31:04","modified_gmt":"2024-02-17T18:31:04","slug":"le-sacre-de-guy","status":"publish","type":"post","link":"https:\/\/cyclo-le-teil.org\/index.php\/2019\/12\/08\/le-sacre-de-guy\/","title":{"rendered":"Le sacre de Guy"},"content":{"rendered":"<p style=\"text-align: left;\">A gauche sur la photo&#8230;<\/p>\n<p style=\"text-align: left;\">Au cours de l\u2019Assembl\u00e9e G\u00e9n\u00e9rale de l\u2019OMS le 22 novembre, Guy Chalencon s\u2019est vu remettre la m\u00e9daille du sport par le d\u00e9l\u00e9gu\u00e9 au sport de la mairie apr\u00e8s tant d\u2019ann\u00e9es de d\u00e9vouement au club.<\/p>\n<p style=\"text-align: left;\"><img loading=\"lazy\" decoding=\"async\" class=\"alignnone size-thumbnail wp-image-565\" src=\"http:\/\/cyclo-le-teil.org\/wp-content\/uploads\/2019\/12\/20191122_224158-150x150.jpg\" alt=\"\" width=\"150\" height=\"150\" \/>\u00a0Un\u00a0grand merci pour sa fid\u00e9lit\u00e9 et toutes les f\u00e9licitations du club.<\/p>\n","protected":false},"excerpt":{"rendered":"<p>A gauche sur la photo&#8230; Au cours de l\u2019Assembl\u00e9e G\u00e9n\u00e9rale de l\u2019OMS le 22 novembre, Guy Chalencon s\u2019est vu remettre la m\u00e9daille du sport par le d\u00e9l\u00e9gu\u00e9 au sport de la mairie apr\u00e8s tant d\u2019ann\u00e9es de d\u00e9vouement au club. \u00a0Un\u00a0grand merci pour sa fid\u00e9lit\u00e9 et toutes les f\u00e9licitations du club.<\/p>\n","protected":false},"author":1,"featured_media":441,"comment_status":"open","ping_status":"open","sticky":false,"template":"","format":"standard","meta":{"footnotes":""},"categories":[14],"tags":[],"class_list":["post-556","post","type-post","status-publish","format-standard","has-post-thumbnail","hentry","category-vie-du-club"],"_links":{"self":[{"href":"https:\/\/cyclo-le-teil.org\/index.php\/wp-json\/wp\/v2\/posts\/556"}],"collection":[{"href":"https:\/\/cyclo-le-teil.org\/index.php\/wp-json\/wp\/v2\/posts"}],"about":[{"href":"https:\/\/cyclo-le-teil.org\/index.php\/wp-json\/wp\/v2\/types\/post"}],"author":[{"embeddable":true,"href":"https:\/\/cyclo-le-teil.org\/index.php\/wp-json\/wp\/v2\/users\/1"}],"replies":[{"embeddable":true,"href":"https:\/\/cyclo-le-teil.org\/index.php\/wp-json\/wp\/v2\/comments?post=556"}],"version-history":[{"count":1,"href":"https:\/\/cyclo-le-teil.org\/index.php\/wp-json\/wp\/v2\/posts\/556\/revisions"}],"predecessor-version":[{"id":1027,"href":"https:\/\/cyclo-le-teil.org\/index.php\/wp-json\/wp\/v2\/posts\/556\/revisions\/1027"}],"wp:featuredmedia":[{"embeddable":true,"href":"https:\/\/cyclo-le-teil.org\/index.php\/wp-json\/wp\/v2\/media\/441"}],"wp:attachment":[{"href":"https:\/\/cyclo-le-teil.org\/index.php\/wp-json\/wp\/v2\/media?parent=556"}],"wp:term":[{"taxonomy":"category","embeddable":true,"href":"https:\/\/cyclo-le-teil.org\/index.php\/wp-json\/wp\/v2\/categories?post=556"},{"taxonomy":"post_tag","embeddable":true,"href":"https:\/\/cyclo-le-teil.org\/index.php\/wp-json\/wp\/v2\/tags?post=556"}],"curies":[{"name":"wp","href":"https:\/\/api.w.org\/{rel}","templated":true}]}}