{"id":528,"date":"2019-11-17T17:49:29","date_gmt":"2019-11-17T16:49:29","guid":{"rendered":"http:\/\/cyclo-le-teil.org\/?p=528"},"modified":"2024-02-17T19:31:53","modified_gmt":"2024-02-17T18:31:53","slug":"une-soiree-bowling","status":"publish","type":"post","link":"https:\/\/cyclo-le-teil.org\/index.php\/2019\/11\/17\/une-soiree-bowling\/","title":{"rendered":"Une soir\u00e9e bowling&#8230;"},"content":{"rendered":"<p style=\"text-align: left;\">A l&rsquo;initiative d&rsquo;Anne-Marie et Natacha, les cyclotouristes (\u00e9poux et \u00e9pouses) se sont retrouv\u00e9s pour une soir\u00e9e festive le samedi 9 novembre.<\/p>\n<p>Elle a d\u00e9but\u00e9 par un d\u00eener au restaurant \u00ab\u00a0Comme une abeille\u00a0\u00bb \u00e0 Mont\u00e9limar et s&rsquo;est termin\u00e9e par des parties anim\u00e9es au bowling.<\/p>\n<p>Retour en images<\/p>\n\n\t\t<style type=\"text\/css\">\n\t\t\t#gallery-1 {\n\t\t\t\tmargin: auto;\n\t\t\t}\n\t\t\t#gallery-1 .gallery-item {\n\t\t\t\tfloat: left;\n\t\t\t\tmargin-top: 10px;\n\t\t\t\ttext-align: center;\n\t\t\t\twidth: 33%;\n\t\t\t}\n\t\t\t#gallery-1 img {\n\t\t\t\tborder: 2px solid #cfcfcf;\n\t\t\t}\n\t\t\t#gallery-1 .gallery-caption {\n\t\t\t\tmargin-left: 0;\n\t\t\t}\n\t\t\t\/* see gallery_shortcode() in wp-includes\/media.php *\/\n\t\t<\/style>\n\t\t<div id='gallery-1' class='gallery galleryid-528 gallery-columns-3 gallery-size-thumbnail'><dl class='gallery-item'>\n\t\t\t<dt class='gallery-icon portrait'>\n\t\t\t\t<a href='https:\/\/cyclo-le-teil.org\/img_20191109_2019361\/'><img loading=\"lazy\" decoding=\"async\" width=\"150\" height=\"150\" src=\"https:\/\/cyclo-le-teil.org\/wp-content\/uploads\/2019\/11\/IMG_20191109_2019361-150x150.jpg\" class=\"attachment-thumbnail size-thumbnail\" alt=\"\" \/><\/a>\n\t\t\t<\/dt><\/dl><dl class='gallery-item'>\n\t\t\t<dt class='gallery-icon landscape'>\n\t\t\t\t<a href='https:\/\/cyclo-le-teil.org\/img_20191109_2020101\/'><img loading=\"lazy\" decoding=\"async\" width=\"150\" height=\"150\" src=\"https:\/\/cyclo-le-teil.org\/wp-content\/uploads\/2019\/11\/IMG_20191109_2020101-150x150.jpg\" class=\"attachment-thumbnail size-thumbnail\" alt=\"\" \/><\/a>\n\t\t\t<\/dt><\/dl><dl class='gallery-item'>\n\t\t\t<dt class='gallery-icon landscape'>\n\t\t\t\t<a href='https:\/\/cyclo-le-teil.org\/img_20191109_2020521\/'><img loading=\"lazy\" decoding=\"async\" width=\"150\" height=\"150\" src=\"https:\/\/cyclo-le-teil.org\/wp-content\/uploads\/2019\/11\/IMG_20191109_2020521-150x150.jpg\" class=\"attachment-thumbnail size-thumbnail\" alt=\"\" \/><\/a>\n\t\t\t<\/dt><\/dl><br style=\"clear: both\" \/><dl class='gallery-item'>\n\t\t\t<dt class='gallery-icon landscape'>\n\t\t\t\t<a href='https:\/\/cyclo-le-teil.org\/img_20191109_2229001\/'><img loading=\"lazy\" decoding=\"async\" width=\"150\" height=\"150\" src=\"https:\/\/cyclo-le-teil.org\/wp-content\/uploads\/2019\/11\/IMG_20191109_2229001-e1574010100921-150x150.jpg\" class=\"attachment-thumbnail size-thumbnail\" alt=\"\" \/><\/a>\n\t\t\t<\/dt><\/dl><dl class='gallery-item'>\n\t\t\t<dt class='gallery-icon landscape'>\n\t\t\t\t<a href='https:\/\/cyclo-le-teil.org\/img_20191109_2246521\/'><img loading=\"lazy\" decoding=\"async\" width=\"150\" height=\"150\" src=\"https:\/\/cyclo-le-teil.org\/wp-content\/uploads\/2019\/11\/IMG_20191109_2246521-150x150.jpg\" class=\"attachment-thumbnail size-thumbnail\" alt=\"\" \/><\/a>\n\t\t\t<\/dt><\/dl><dl class='gallery-item'>\n\t\t\t<dt class='gallery-icon portrait'>\n\t\t\t\t<a href='https:\/\/cyclo-le-teil.org\/img_20191109_2308241\/'><img loading=\"lazy\" decoding=\"async\" width=\"150\" height=\"150\" src=\"https:\/\/cyclo-le-teil.org\/wp-content\/uploads\/2019\/11\/IMG_20191109_2308241-150x150.jpg\" class=\"attachment-thumbnail size-thumbnail\" alt=\"\" \/><\/a>\n\t\t\t<\/dt><\/dl><br style=\"clear: both\" \/><dl class='gallery-item'>\n\t\t\t<dt class='gallery-icon portrait'>\n\t\t\t\t<a href='https:\/\/cyclo-le-teil.org\/img_20191109_2312411\/'><img loading=\"lazy\" decoding=\"async\" width=\"150\" height=\"150\" src=\"https:\/\/cyclo-le-teil.org\/wp-content\/uploads\/2019\/11\/IMG_20191109_2312411-150x150.jpg\" class=\"attachment-thumbnail size-thumbnail\" alt=\"\" \/><\/a>\n\t\t\t<\/dt><\/dl>\n\t\t\t<br style='clear: both' \/>\n\t\t<\/div>\n\n","protected":false},"excerpt":{"rendered":"<p>A l&rsquo;initiative d&rsquo;Anne-Marie et Natacha, les cyclotouristes (\u00e9poux et \u00e9pouses) se sont retrouv\u00e9s pour une soir\u00e9e festive le samedi 9 novembre. Elle a d\u00e9but\u00e9 par un d\u00eener au restaurant \u00ab\u00a0Comme une abeille\u00a0\u00bb \u00e0 Mont\u00e9limar et s&rsquo;est termin\u00e9e par des parties anim\u00e9es au bowling. Retour en images<\/p>\n","protected":false},"author":1,"featured_media":539,"comment_status":"open","ping_status":"open","sticky":false,"template":"","format":"standard","meta":{"footnotes":""},"categories":[14],"tags":[],"class_list":["post-528","post","type-post","status-publish","format-standard","has-post-thumbnail","hentry","category-vie-du-club"],"_links":{"self":[{"href":"https:\/\/cyclo-le-teil.org\/index.php\/wp-json\/wp\/v2\/posts\/528"}],"collection":[{"href":"https:\/\/cyclo-le-teil.org\/index.php\/wp-json\/wp\/v2\/posts"}],"about":[{"href":"https:\/\/cyclo-le-teil.org\/index.php\/wp-json\/wp\/v2\/types\/post"}],"author":[{"embeddable":true,"href":"https:\/\/cyclo-le-teil.org\/index.php\/wp-json\/wp\/v2\/users\/1"}],"replies":[{"embeddable":true,"href":"https:\/\/cyclo-le-teil.org\/index.php\/wp-json\/wp\/v2\/comments?post=528"}],"version-history":[{"count":1,"href":"https:\/\/cyclo-le-teil.org\/index.php\/wp-json\/wp\/v2\/posts\/528\/revisions"}],"predecessor-version":[{"id":1029,"href":"https:\/\/cyclo-le-teil.org\/index.php\/wp-json\/wp\/v2\/posts\/528\/revisions\/1029"}],"wp:featuredmedia":[{"embeddable":true,"href":"https:\/\/cyclo-le-teil.org\/index.php\/wp-json\/wp\/v2\/media\/539"}],"wp:attachment":[{"href":"https:\/\/cyclo-le-teil.org\/index.php\/wp-json\/wp\/v2\/media?parent=528"}],"wp:term":[{"taxonomy":"category","embeddable":true,"href":"https:\/\/cyclo-le-teil.org\/index.php\/wp-json\/wp\/v2\/categories?post=528"},{"taxonomy":"post_tag","embeddable":true,"href":"https:\/\/cyclo-le-teil.org\/index.php\/wp-json\/wp\/v2\/tags?post=528"}],"curies":[{"name":"wp","href":"https:\/\/api.w.org\/{rel}","templated":true}]}}