{"id":526,"date":"2019-11-17T14:42:55","date_gmt":"2019-11-17T13:42:55","guid":{"rendered":"http:\/\/cyclo-le-teil.org\/?p=526"},"modified":"2024-02-17T19:31:32","modified_gmt":"2024-02-17T18:31:32","slug":"sortie-v-t-t","status":"publish","type":"post","link":"https:\/\/cyclo-le-teil.org\/index.php\/2019\/11\/17\/sortie-v-t-t\/","title":{"rendered":"Sortie V.T.T."},"content":{"rendered":"<p style=\"text-align: left;\">Samedi 16 novembre, une dizaine de cyclotouristes ont parcouru 25 km, <strong>en VTT<\/strong>,\u00a0 sur les hauteurs de la Rouvi\u00e8res, au Teil. Sur leur chemin, pas de sangliers mais des sismologues qui ont d\u00e9couvert une faille suite au s\u00e9isme du 11 novembre.<\/p>\n","protected":false},"excerpt":{"rendered":"<p>Samedi 16 novembre, une dizaine de cyclotouristes ont parcouru 25 km, en VTT,\u00a0 sur les hauteurs de la Rouvi\u00e8res, au Teil. Sur leur chemin, pas de sangliers mais des sismologues qui ont d\u00e9couvert une faille suite au s\u00e9isme du 11 novembre.<\/p>\n","protected":false},"author":1,"featured_media":525,"comment_status":"open","ping_status":"open","sticky":false,"template":"","format":"standard","meta":{"footnotes":""},"categories":[6],"tags":[],"class_list":["post-526","post","type-post","status-publish","format-standard","has-post-thumbnail","hentry","category-sorties"],"_links":{"self":[{"href":"https:\/\/cyclo-le-teil.org\/index.php\/wp-json\/wp\/v2\/posts\/526"}],"collection":[{"href":"https:\/\/cyclo-le-teil.org\/index.php\/wp-json\/wp\/v2\/posts"}],"about":[{"href":"https:\/\/cyclo-le-teil.org\/index.php\/wp-json\/wp\/v2\/types\/post"}],"author":[{"embeddable":true,"href":"https:\/\/cyclo-le-teil.org\/index.php\/wp-json\/wp\/v2\/users\/1"}],"replies":[{"embeddable":true,"href":"https:\/\/cyclo-le-teil.org\/index.php\/wp-json\/wp\/v2\/comments?post=526"}],"version-history":[{"count":1,"href":"https:\/\/cyclo-le-teil.org\/index.php\/wp-json\/wp\/v2\/posts\/526\/revisions"}],"predecessor-version":[{"id":1028,"href":"https:\/\/cyclo-le-teil.org\/index.php\/wp-json\/wp\/v2\/posts\/526\/revisions\/1028"}],"wp:featuredmedia":[{"embeddable":true,"href":"https:\/\/cyclo-le-teil.org\/index.php\/wp-json\/wp\/v2\/media\/525"}],"wp:attachment":[{"href":"https:\/\/cyclo-le-teil.org\/index.php\/wp-json\/wp\/v2\/media?parent=526"}],"wp:term":[{"taxonomy":"category","embeddable":true,"href":"https:\/\/cyclo-le-teil.org\/index.php\/wp-json\/wp\/v2\/categories?post=526"},{"taxonomy":"post_tag","embeddable":true,"href":"https:\/\/cyclo-le-teil.org\/index.php\/wp-json\/wp\/v2\/tags?post=526"}],"curies":[{"name":"wp","href":"https:\/\/api.w.org\/{rel}","templated":true}]}}