{"id":516,"date":"2019-03-19T19:00:21","date_gmt":"2019-03-19T18:00:21","guid":{"rendered":"http:\/\/cyclo-le-teil.org\/?p=516"},"modified":"2024-02-17T19:35:24","modified_gmt":"2024-02-17T18:35:24","slug":"516","status":"publish","type":"post","link":"https:\/\/cyclo-le-teil.org\/index.php\/2019\/03\/19\/516\/","title":{"rendered":"Le r\u00e8glement 2023"},"content":{"rendered":"<p><strong>LE&nbsp;<\/strong><span style=\"background-color: transparent;\"><b>R\u00c8GLEMENT<\/b><\/span><\/p>\n<ol>\n<li>Les participants sont tenus de respecter le code de la route, la pr\u00e9sence de&nbsp;signaleurs ne signifie en aucun cas que la route est ferm\u00e9e et r\u00e9serv\u00e9e \u00e0&nbsp;l\u2019\u00e9preuve.<\/li>\n<li>Le port du casque est obligatoire.<\/li>\n<li>Les mineurs sont sous la responsabilit\u00e9 des parents ou du tuteur d\u00e9sign\u00e9.<\/li>\n<li>Les organisateurs ont souscrit une assurance responsabilit\u00e9 civile aupr\u00e8s de&nbsp;la FFCT. Les participants devront s\u2019assurer que leur assurance Responsabilit\u00e9&nbsp;Civile les couvre pour ce genre d\u2019activit\u00e9.<\/li>\n<li>Chaque participant reste responsable de sa forme physique et participe \u00e0&nbsp;l\u2019\u00e9preuve sous sa propre responsabilit\u00e9. Il doit s\u2019assurer aupr\u00e8s de son&nbsp;m\u00e9decin traitant que son \u00e9tat de sant\u00e9 lui permet de participer \u00e0 la randonn\u00e9e.<\/li>\n<li>Les organisateurs d\u00e9clinent toute responsabilit\u00e9 en cas de d\u00e9faillance due \u00e0&nbsp;un mauvais \u00e9tat de sant\u00e9, en cas de dommage mat\u00e9riel ou corporel ainsi qu\u2019en&nbsp;cas de vol.<\/li>\n<li>La participation \u00e0 l\u2019\u00e9preuve se fait sous l\u2019enti\u00e8re responsabilit\u00e9 des&nbsp;concurrents avec renonciation \u00e0 tous recours contre les organisateurs en cas de&nbsp;dommages ou s\u00e9quelles survenus durant et apr\u00e8s l\u2019\u00e9preuve.<\/li>\n<li>Il est strictement interdit de jeter des d\u00e9tritus dans la nature (des poubelles&nbsp;sont pr\u00e9vues \u00e0 cet effet aux ravitaillements).<\/li>\n<li>Les parcours VTT empruntent parfois des chemins sur des terrains priv\u00e9s&nbsp;pour lesquels nous avons obtenu des autorisations de passage ponctuel,&nbsp;notamment des zones de p\u00e2ture d&rsquo;animaux. Il vous revient de respecter ces&nbsp;accords et ne pas rouler dans ces chemins sans autorisation apr\u00e8s le 24 avril.<\/li>\n<li>Le VAE, (v\u00e9lo \u00e0 assistance \u00e9lectrique) est autoris\u00e9 sous r\u00e9serve de&nbsp;conformit\u00e9 \u00e0 la directrice europ\u00e9enne 2004\/24\/CE du 18 mars 2002, et tel que&nbsp;d\u00e9fini au Code de la route par l\u2019article R 311-1. Extrait : \u00ab cycle \u00e9quip\u00e9 d\u2019un&nbsp;moteur auxiliaire \u00e9lectrique d\u2019une puissance nominale continue maximale de 0,25&nbsp;kilowatt, dont l\u2019alimentation est interrompue lorsque le v\u00e9hicule atteint une vitesse de&nbsp;25 km\/h, ou plus t\u00f4t si le cycliste arr\u00eate de p\u00e9daler \u00bb<\/li>\n<li>La participation \u00e0 la randonn\u00e9e \u00ab Le Pigeonnier \u00bb implique la prise de&nbsp;connaissance du r\u00e8glement et son acceptation sans r\u00e9serve. L\u2019engagement est&nbsp;ferme et d\u00e9finitif et ne peut faire l\u2019objet d\u2019aucun remboursement.<\/li>\n<\/ol>\n<p style=\"text-align: left;\"><strong>Je certifie avoir pris connaissance du r\u00e8glement et participe&nbsp;\u00e0 la randonn\u00e9e sous mon enti\u00e8re responsabilit\u00e9.<\/strong><\/p>\n<p>T\u00e9l\u00e9charger le&nbsp;<a href=\"http:\/\/cyclo-le-teil.org\/wp-content\/uploads\/2022\/03\/R\u00e8glement-2022.pdf\">R\u00e8glement 2022<\/a><\/p>\n","protected":false},"excerpt":{"rendered":"<p>LE&nbsp;R\u00c8GLEMENT Les participants sont tenus de respecter le code de la route, la pr\u00e9sence de&nbsp;signaleurs ne signifie en aucun cas que la route est ferm\u00e9e et r\u00e9serv\u00e9e \u00e0&nbsp;l\u2019\u00e9preuve. Le port du casque est obligatoire. Les mineurs sont sous la responsabilit\u00e9 des parents ou du tuteur d\u00e9sign\u00e9. Les organisateurs ont souscrit une assurance responsabilit\u00e9 civile aupr\u00e8s&hellip; <br \/> <a class=\"read-more\" href=\"https:\/\/cyclo-le-teil.org\/index.php\/2019\/03\/19\/516\/\">Lire la suite<\/a><\/p>\n","protected":false},"author":1,"featured_media":400,"comment_status":"open","ping_status":"open","sticky":false,"template":"","format":"standard","meta":{"footnotes":""},"categories":[3],"tags":[],"class_list":["post-516","post","type-post","status-publish","format-standard","has-post-thumbnail","hentry","category-pigeonnier"],"_links":{"self":[{"href":"https:\/\/cyclo-le-teil.org\/index.php\/wp-json\/wp\/v2\/posts\/516"}],"collection":[{"href":"https:\/\/cyclo-le-teil.org\/index.php\/wp-json\/wp\/v2\/posts"}],"about":[{"href":"https:\/\/cyclo-le-teil.org\/index.php\/wp-json\/wp\/v2\/types\/post"}],"author":[{"embeddable":true,"href":"https:\/\/cyclo-le-teil.org\/index.php\/wp-json\/wp\/v2\/users\/1"}],"replies":[{"embeddable":true,"href":"https:\/\/cyclo-le-teil.org\/index.php\/wp-json\/wp\/v2\/comments?post=516"}],"version-history":[{"count":1,"href":"https:\/\/cyclo-le-teil.org\/index.php\/wp-json\/wp\/v2\/posts\/516\/revisions"}],"predecessor-version":[{"id":849,"href":"https:\/\/cyclo-le-teil.org\/index.php\/wp-json\/wp\/v2\/posts\/516\/revisions\/849"}],"wp:featuredmedia":[{"embeddable":true,"href":"https:\/\/cyclo-le-teil.org\/index.php\/wp-json\/wp\/v2\/media\/400"}],"wp:attachment":[{"href":"https:\/\/cyclo-le-teil.org\/index.php\/wp-json\/wp\/v2\/media?parent=516"}],"wp:term":[{"taxonomy":"category","embeddable":true,"href":"https:\/\/cyclo-le-teil.org\/index.php\/wp-json\/wp\/v2\/categories?post=516"},{"taxonomy":"post_tag","embeddable":true,"href":"https:\/\/cyclo-le-teil.org\/index.php\/wp-json\/wp\/v2\/tags?post=516"}],"curies":[{"name":"wp","href":"https:\/\/api.w.org\/{rel}","templated":true}]}}