{"id":376,"date":"2019-04-02T22:19:05","date_gmt":"2019-04-02T20:19:05","guid":{"rendered":"http:\/\/cyclo-le-teil.org\/?p=376"},"modified":"2024-02-17T19:32:34","modified_gmt":"2024-02-17T18:32:34","slug":"vae-une-apres-midi-interessante","status":"publish","type":"post","link":"https:\/\/cyclo-le-teil.org\/index.php\/2019\/04\/02\/vae-une-apres-midi-interessante\/","title":{"rendered":"VAE : une apr\u00e8s-midi int\u00e9ressante&#8230;"},"content":{"rendered":"<p style=\"font-weight: 400;\">Cette action novatrice de la commission S\u00e9curit\u00e9-VAE du club, a permis de proposer \u00e0 ses membres et aux teillois, une information compl\u00e8te et objective sur ce nouveau moyen de d\u00e9placement et de loisir. Un \u00e9ventail complet de mat\u00e9riels \u00e9tait propos\u00e9 aux visiteurs qui ont pu s\u2019informer sur les caract\u00e9ristiques techniques, la r\u00e9glementation et par un essai ressentir les effets de l\u2019assistance \u00e9lectrique. Un \u00e9change d&rsquo;exp\u00e9riences dans leur utilisation ou d\u00e9cision d&rsquo;achat a pu avoir lieu.<br \/>\n<!--more--><br \/>\nRemerciements : le club tient \u00e0 remercier <strong>les cycles Cornu<\/strong> pour leur aimable participation avec leur mat\u00e9riel ainsi qu&rsquo; Annie B\u00e9cerra, Jean-Marie Robert et Jean-Pierre Nougu\u00e9 du <strong>Codep de l&rsquo;Ard\u00e8che<\/strong> venus avec leur propre VAE.<\/p>\n<p><span style=\"background-color: transparent;\">Un merci \u00e9galement \u00e0 Jean-Louis Praly notre ami albenassien toujours partant pour une rencontre avec ses copains teillois. Et aussi \u00e0 Marc Coissard pour avoir pr\u00eat\u00e9 son v\u00e9lo \u00e0 assistance\u00a0\u00e9lectrique\u00a0et apporter ses connaissances.<\/span><\/p>\n<p>Et bravo \u00e0 Michel Vignal et \u00e0 son \u00e9quipe pour leur investissement dans la mise en place de cette rencontre.<\/p>\n","protected":false},"excerpt":{"rendered":"<p>Cette action novatrice de la commission S\u00e9curit\u00e9-VAE du club, a permis de proposer \u00e0 ses membres et aux teillois, une information compl\u00e8te et objective sur ce nouveau moyen de d\u00e9placement et de loisir. Un \u00e9ventail complet de mat\u00e9riels \u00e9tait propos\u00e9 aux visiteurs qui ont pu s\u2019informer sur les caract\u00e9ristiques techniques, la r\u00e9glementation et par un&hellip; <br \/> <a class=\"read-more\" href=\"https:\/\/cyclo-le-teil.org\/index.php\/2019\/04\/02\/vae-une-apres-midi-interessante\/\">Lire la suite<\/a><\/p>\n","protected":false},"author":1,"featured_media":378,"comment_status":"open","ping_status":"open","sticky":false,"template":"","format":"standard","meta":{"footnotes":""},"categories":[14],"tags":[],"class_list":["post-376","post","type-post","status-publish","format-standard","has-post-thumbnail","hentry","category-vie-du-club"],"_links":{"self":[{"href":"https:\/\/cyclo-le-teil.org\/index.php\/wp-json\/wp\/v2\/posts\/376"}],"collection":[{"href":"https:\/\/cyclo-le-teil.org\/index.php\/wp-json\/wp\/v2\/posts"}],"about":[{"href":"https:\/\/cyclo-le-teil.org\/index.php\/wp-json\/wp\/v2\/types\/post"}],"author":[{"embeddable":true,"href":"https:\/\/cyclo-le-teil.org\/index.php\/wp-json\/wp\/v2\/users\/1"}],"replies":[{"embeddable":true,"href":"https:\/\/cyclo-le-teil.org\/index.php\/wp-json\/wp\/v2\/comments?post=376"}],"version-history":[{"count":1,"href":"https:\/\/cyclo-le-teil.org\/index.php\/wp-json\/wp\/v2\/posts\/376\/revisions"}],"predecessor-version":[{"id":1030,"href":"https:\/\/cyclo-le-teil.org\/index.php\/wp-json\/wp\/v2\/posts\/376\/revisions\/1030"}],"wp:featuredmedia":[{"embeddable":true,"href":"https:\/\/cyclo-le-teil.org\/index.php\/wp-json\/wp\/v2\/media\/378"}],"wp:attachment":[{"href":"https:\/\/cyclo-le-teil.org\/index.php\/wp-json\/wp\/v2\/media?parent=376"}],"wp:term":[{"taxonomy":"category","embeddable":true,"href":"https:\/\/cyclo-le-teil.org\/index.php\/wp-json\/wp\/v2\/categories?post=376"},{"taxonomy":"post_tag","embeddable":true,"href":"https:\/\/cyclo-le-teil.org\/index.php\/wp-json\/wp\/v2\/tags?post=376"}],"curies":[{"name":"wp","href":"https:\/\/api.w.org\/{rel}","templated":true}]}}