{"id":1038,"date":"2024-07-24T16:40:29","date_gmt":"2024-07-24T14:40:29","guid":{"rendered":"https:\/\/cyclo-le-teil.org\/?p=1038"},"modified":"2025-05-11T15:47:31","modified_gmt":"2025-05-11T13:47:31","slug":"sejour-au-lavandou-06-2024","status":"publish","type":"post","link":"https:\/\/cyclo-le-teil.org\/index.php\/2024\/07\/24\/sejour-au-lavandou-06-2024\/","title":{"rendered":"S\u00c9JOUR AU LAVANDOU 06 2024"},"content":{"rendered":"\n<p>Comme chaque ann\u00e9e, les cyclos du Teil sont partis faire rayonner la commune hors du d\u00e9partement avec un s\u00e9jour de 6 jours au Lavandou pour neuf cyclistes et leurs conjoints du 05 au 12 juin<\/p>\n\n\n\n<p>Avec leurs tenues floqu\u00e9es \u00a0\u00bb LE TEIL \u00a0\u00bb c&rsquo;est tous les matins qu&rsquo;ils ont parcouru les routes varoises. Itin\u00e9raires pr\u00e9par\u00e9s par Francis, avec de beaux d\u00e9nivel\u00e9s et enchain\u00e9 les cols, pendant que leurs accompagnants profitaient des randonn\u00e9es pr\u00e9par\u00e9es par Pierre dans les colines et sur les sentiers du littoral .<\/p>\n\n\n\n<p>tous sont revenus enchant\u00e9s et le s\u00e9jour 2025 est d\u00e9j\u00e0 \u00e0 l&rsquo;\u00e9tude, en esp\u00e9rant encore plus de participants.<\/p>\n\n\n\n<figure class=\"wp-block-image size-large\"><img loading=\"lazy\" decoding=\"async\" width=\"1024\" height=\"1024\" src=\"http:\/\/cyclo-le-teil.org\/wp-content\/uploads\/2024\/07\/3-1024x1024.jpeg\" alt=\"\" class=\"wp-image-1039\" srcset=\"https:\/\/cyclo-le-teil.org\/wp-content\/uploads\/2024\/07\/3-1024x1024.jpeg 1024w, https:\/\/cyclo-le-teil.org\/wp-content\/uploads\/2024\/07\/3-300x300.jpeg 300w, https:\/\/cyclo-le-teil.org\/wp-content\/uploads\/2024\/07\/3-150x150.jpeg 150w, https:\/\/cyclo-le-teil.org\/wp-content\/uploads\/2024\/07\/3-768x768.jpeg 768w, https:\/\/cyclo-le-teil.org\/wp-content\/uploads\/2024\/07\/3-1536x1536.jpeg 1536w, https:\/\/cyclo-le-teil.org\/wp-content\/uploads\/2024\/07\/3-1080x1080.jpeg 1080w, https:\/\/cyclo-le-teil.org\/wp-content\/uploads\/2024\/07\/3.jpeg 1599w\" sizes=\"(max-width: 1024px) 100vw, 1024px\" \/><\/figure>\n\n\n\n<figure class=\"wp-block-image size-large\"><img loading=\"lazy\" decoding=\"async\" width=\"1024\" height=\"1024\" src=\"http:\/\/cyclo-le-teil.org\/wp-content\/uploads\/2024\/07\/Sans-titre-6-1024x1024.jpeg\" alt=\"\" class=\"wp-image-1044\" srcset=\"https:\/\/cyclo-le-teil.org\/wp-content\/uploads\/2024\/07\/Sans-titre-6-1024x1024.jpeg 1024w, https:\/\/cyclo-le-teil.org\/wp-content\/uploads\/2024\/07\/Sans-titre-6-300x300.jpeg 300w, https:\/\/cyclo-le-teil.org\/wp-content\/uploads\/2024\/07\/Sans-titre-6-150x150.jpeg 150w, https:\/\/cyclo-le-teil.org\/wp-content\/uploads\/2024\/07\/Sans-titre-6-768x768.jpeg 768w, https:\/\/cyclo-le-teil.org\/wp-content\/uploads\/2024\/07\/Sans-titre-6-1536x1536.jpeg 1536w, https:\/\/cyclo-le-teil.org\/wp-content\/uploads\/2024\/07\/Sans-titre-6-1080x1080.jpeg 1080w, https:\/\/cyclo-le-teil.org\/wp-content\/uploads\/2024\/07\/Sans-titre-6.jpeg 1599w\" sizes=\"(max-width: 1024px) 100vw, 1024px\" \/><\/figure>\n\n\n\n<figure class=\"wp-block-image size-large is-resized\"><img loading=\"lazy\" decoding=\"async\" width=\"1024\" height=\"1024\" src=\"http:\/\/cyclo-le-teil.org\/wp-content\/uploads\/2024\/07\/Sans-titre-7-1024x1024.jpeg\" alt=\"\" class=\"wp-image-1045\" style=\"width:840px;height:auto\" srcset=\"https:\/\/cyclo-le-teil.org\/wp-content\/uploads\/2024\/07\/Sans-titre-7-1024x1024.jpeg 1024w, https:\/\/cyclo-le-teil.org\/wp-content\/uploads\/2024\/07\/Sans-titre-7-300x300.jpeg 300w, https:\/\/cyclo-le-teil.org\/wp-content\/uploads\/2024\/07\/Sans-titre-7-150x150.jpeg 150w, https:\/\/cyclo-le-teil.org\/wp-content\/uploads\/2024\/07\/Sans-titre-7-768x768.jpeg 768w, https:\/\/cyclo-le-teil.org\/wp-content\/uploads\/2024\/07\/Sans-titre-7-1536x1536.jpeg 1536w, https:\/\/cyclo-le-teil.org\/wp-content\/uploads\/2024\/07\/Sans-titre-7-1080x1080.jpeg 1080w, https:\/\/cyclo-le-teil.org\/wp-content\/uploads\/2024\/07\/Sans-titre-7.jpeg 1599w\" sizes=\"(max-width: 1024px) 100vw, 1024px\" \/><\/figure>\n\n\n\n<figure class=\"wp-block-image size-large\"><img loading=\"lazy\" decoding=\"async\" width=\"1024\" height=\"1024\" src=\"http:\/\/cyclo-le-teil.org\/wp-content\/uploads\/2024\/07\/Sans-titre-8-1-1024x1024.jpeg\" alt=\"\" class=\"wp-image-1042\" srcset=\"https:\/\/cyclo-le-teil.org\/wp-content\/uploads\/2024\/07\/Sans-titre-8-1-1024x1024.jpeg 1024w, https:\/\/cyclo-le-teil.org\/wp-content\/uploads\/2024\/07\/Sans-titre-8-1-300x300.jpeg 300w, https:\/\/cyclo-le-teil.org\/wp-content\/uploads\/2024\/07\/Sans-titre-8-1-150x150.jpeg 150w, https:\/\/cyclo-le-teil.org\/wp-content\/uploads\/2024\/07\/Sans-titre-8-1-768x768.jpeg 768w, https:\/\/cyclo-le-teil.org\/wp-content\/uploads\/2024\/07\/Sans-titre-8-1-1536x1536.jpeg 1536w, https:\/\/cyclo-le-teil.org\/wp-content\/uploads\/2024\/07\/Sans-titre-8-1-1080x1080.jpeg 1080w, https:\/\/cyclo-le-teil.org\/wp-content\/uploads\/2024\/07\/Sans-titre-8-1.jpeg 1599w\" sizes=\"(max-width: 1024px) 100vw, 1024px\" \/><\/figure>\n\n\n\n<figure class=\"wp-block-image size-large is-resized\"><img loading=\"lazy\" decoding=\"async\" width=\"768\" height=\"1024\" src=\"http:\/\/cyclo-le-teil.org\/wp-content\/uploads\/2024\/07\/Sans-titre-23-768x1024.jpeg\" alt=\"\" class=\"wp-image-1052\" style=\"width:840px;height:auto\" srcset=\"https:\/\/cyclo-le-teil.org\/wp-content\/uploads\/2024\/07\/Sans-titre-23-768x1024.jpeg 768w, https:\/\/cyclo-le-teil.org\/wp-content\/uploads\/2024\/07\/Sans-titre-23-225x300.jpeg 225w, https:\/\/cyclo-le-teil.org\/wp-content\/uploads\/2024\/07\/Sans-titre-23-1152x1536.jpeg 1152w, https:\/\/cyclo-le-teil.org\/wp-content\/uploads\/2024\/07\/Sans-titre-23-1024x1365.jpeg 1024w, https:\/\/cyclo-le-teil.org\/wp-content\/uploads\/2024\/07\/Sans-titre-23-810x1080.jpeg 810w, https:\/\/cyclo-le-teil.org\/wp-content\/uploads\/2024\/07\/Sans-titre-23.jpeg 1200w\" sizes=\"(max-width: 768px) 100vw, 768px\" \/><\/figure>\n\n\n\n<figure class=\"wp-block-image size-large is-resized\"><img loading=\"lazy\" decoding=\"async\" width=\"1024\" height=\"1024\" src=\"http:\/\/cyclo-le-teil.org\/wp-content\/uploads\/2024\/07\/Sans-titre-2-1024x1024.jpeg\" alt=\"\" class=\"wp-image-1040\" style=\"width:834px;height:auto\" srcset=\"https:\/\/cyclo-le-teil.org\/wp-content\/uploads\/2024\/07\/Sans-titre-2-1024x1024.jpeg 1024w, https:\/\/cyclo-le-teil.org\/wp-content\/uploads\/2024\/07\/Sans-titre-2-300x300.jpeg 300w, https:\/\/cyclo-le-teil.org\/wp-content\/uploads\/2024\/07\/Sans-titre-2-150x150.jpeg 150w, https:\/\/cyclo-le-teil.org\/wp-content\/uploads\/2024\/07\/Sans-titre-2-768x768.jpeg 768w, https:\/\/cyclo-le-teil.org\/wp-content\/uploads\/2024\/07\/Sans-titre-2-1536x1536.jpeg 1536w, https:\/\/cyclo-le-teil.org\/wp-content\/uploads\/2024\/07\/Sans-titre-2-1080x1080.jpeg 1080w, https:\/\/cyclo-le-teil.org\/wp-content\/uploads\/2024\/07\/Sans-titre-2.jpeg 1599w\" sizes=\"(max-width: 1024px) 100vw, 1024px\" \/><\/figure>\n\n\n\n<figure class=\"wp-block-image size-large is-resized\"><img loading=\"lazy\" decoding=\"async\" width=\"1024\" height=\"768\" src=\"http:\/\/cyclo-le-teil.org\/wp-content\/uploads\/2024\/07\/Sans-titre-11-1024x768.jpeg\" alt=\"\" class=\"wp-image-1046\" style=\"width:840px;height:auto\" srcset=\"https:\/\/cyclo-le-teil.org\/wp-content\/uploads\/2024\/07\/Sans-titre-11-1024x768.jpeg 1024w, https:\/\/cyclo-le-teil.org\/wp-content\/uploads\/2024\/07\/Sans-titre-11-300x225.jpeg 300w, https:\/\/cyclo-le-teil.org\/wp-content\/uploads\/2024\/07\/Sans-titre-11-768x576.jpeg 768w, https:\/\/cyclo-le-teil.org\/wp-content\/uploads\/2024\/07\/Sans-titre-11-1536x1152.jpeg 1536w, https:\/\/cyclo-le-teil.org\/wp-content\/uploads\/2024\/07\/Sans-titre-11-1440x1080.jpeg 1440w, https:\/\/cyclo-le-teil.org\/wp-content\/uploads\/2024\/07\/Sans-titre-11.jpeg 1600w\" sizes=\"(max-width: 1024px) 100vw, 1024px\" \/><\/figure>\n\n\n\n<figure class=\"wp-block-image size-large\"><img loading=\"lazy\" decoding=\"async\" width=\"1024\" height=\"768\" src=\"http:\/\/cyclo-le-teil.org\/wp-content\/uploads\/2024\/07\/Sans-titre-1024x768.jpeg\" alt=\"\" class=\"wp-image-1049\" srcset=\"https:\/\/cyclo-le-teil.org\/wp-content\/uploads\/2024\/07\/Sans-titre-1024x768.jpeg 1024w, https:\/\/cyclo-le-teil.org\/wp-content\/uploads\/2024\/07\/Sans-titre-300x225.jpeg 300w, https:\/\/cyclo-le-teil.org\/wp-content\/uploads\/2024\/07\/Sans-titre-768x576.jpeg 768w, https:\/\/cyclo-le-teil.org\/wp-content\/uploads\/2024\/07\/Sans-titre-1536x1152.jpeg 1536w, https:\/\/cyclo-le-teil.org\/wp-content\/uploads\/2024\/07\/Sans-titre-1440x1080.jpeg 1440w, https:\/\/cyclo-le-teil.org\/wp-content\/uploads\/2024\/07\/Sans-titre.jpeg 1600w\" sizes=\"(max-width: 1024px) 100vw, 1024px\" \/><\/figure>\n\n\n\n<figure class=\"wp-block-image size-large is-resized\"><img loading=\"lazy\" decoding=\"async\" width=\"849\" height=\"1024\" src=\"http:\/\/cyclo-le-teil.org\/wp-content\/uploads\/2024\/07\/Sans-titre-22-849x1024.jpeg\" alt=\"\" class=\"wp-image-1051\" style=\"width:840px;height:auto\" srcset=\"https:\/\/cyclo-le-teil.org\/wp-content\/uploads\/2024\/07\/Sans-titre-22-849x1024.jpeg 849w, https:\/\/cyclo-le-teil.org\/wp-content\/uploads\/2024\/07\/Sans-titre-22-249x300.jpeg 249w, https:\/\/cyclo-le-teil.org\/wp-content\/uploads\/2024\/07\/Sans-titre-22-768x927.jpeg 768w, https:\/\/cyclo-le-teil.org\/wp-content\/uploads\/2024\/07\/Sans-titre-22-1273x1536.jpeg 1273w, https:\/\/cyclo-le-teil.org\/wp-content\/uploads\/2024\/07\/Sans-titre-22-1024x1236.jpeg 1024w, https:\/\/cyclo-le-teil.org\/wp-content\/uploads\/2024\/07\/Sans-titre-22-895x1080.jpeg 895w, https:\/\/cyclo-le-teil.org\/wp-content\/uploads\/2024\/07\/Sans-titre-22.jpeg 1326w\" sizes=\"(max-width: 849px) 100vw, 849px\" \/><\/figure>\n\n\n\n<figure class=\"wp-block-image size-large\"><img loading=\"lazy\" decoding=\"async\" width=\"1024\" height=\"768\" src=\"http:\/\/cyclo-le-teil.org\/wp-content\/uploads\/2024\/07\/Sans-titre-13-1024x768.jpeg\" alt=\"\" class=\"wp-image-1050\" srcset=\"https:\/\/cyclo-le-teil.org\/wp-content\/uploads\/2024\/07\/Sans-titre-13-1024x768.jpeg 1024w, https:\/\/cyclo-le-teil.org\/wp-content\/uploads\/2024\/07\/Sans-titre-13-300x225.jpeg 300w, https:\/\/cyclo-le-teil.org\/wp-content\/uploads\/2024\/07\/Sans-titre-13-768x576.jpeg 768w, https:\/\/cyclo-le-teil.org\/wp-content\/uploads\/2024\/07\/Sans-titre-13-1536x1152.jpeg 1536w, https:\/\/cyclo-le-teil.org\/wp-content\/uploads\/2024\/07\/Sans-titre-13-1440x1080.jpeg 1440w, https:\/\/cyclo-le-teil.org\/wp-content\/uploads\/2024\/07\/Sans-titre-13.jpeg 1600w\" sizes=\"(max-width: 1024px) 100vw, 1024px\" \/><\/figure>\n\n\n\n<figure class=\"wp-block-image size-large\"><img loading=\"lazy\" decoding=\"async\" width=\"1024\" height=\"768\" src=\"http:\/\/cyclo-le-teil.org\/wp-content\/uploads\/2024\/07\/Sans-titre-18-1024x768.jpeg\" alt=\"\" class=\"wp-image-1047\" srcset=\"https:\/\/cyclo-le-teil.org\/wp-content\/uploads\/2024\/07\/Sans-titre-18-1024x768.jpeg 1024w, https:\/\/cyclo-le-teil.org\/wp-content\/uploads\/2024\/07\/Sans-titre-18-300x225.jpeg 300w, https:\/\/cyclo-le-teil.org\/wp-content\/uploads\/2024\/07\/Sans-titre-18-768x576.jpeg 768w, https:\/\/cyclo-le-teil.org\/wp-content\/uploads\/2024\/07\/Sans-titre-18-1536x1152.jpeg 1536w, https:\/\/cyclo-le-teil.org\/wp-content\/uploads\/2024\/07\/Sans-titre-18-1440x1080.jpeg 1440w, https:\/\/cyclo-le-teil.org\/wp-content\/uploads\/2024\/07\/Sans-titre-18.jpeg 1600w\" sizes=\"(max-width: 1024px) 100vw, 1024px\" \/><\/figure>\n\n\n\n<figure class=\"wp-block-image size-large\"><img loading=\"lazy\" decoding=\"async\" width=\"1024\" height=\"709\" src=\"http:\/\/cyclo-le-teil.org\/wp-content\/uploads\/2024\/07\/Sans-titre-19-1024x709.jpeg\" alt=\"\" class=\"wp-image-1048\" srcset=\"https:\/\/cyclo-le-teil.org\/wp-content\/uploads\/2024\/07\/Sans-titre-19-1024x709.jpeg 1024w, https:\/\/cyclo-le-teil.org\/wp-content\/uploads\/2024\/07\/Sans-titre-19-300x208.jpeg 300w, https:\/\/cyclo-le-teil.org\/wp-content\/uploads\/2024\/07\/Sans-titre-19-768x532.jpeg 768w, https:\/\/cyclo-le-teil.org\/wp-content\/uploads\/2024\/07\/Sans-titre-19-1536x1064.jpeg 1536w, https:\/\/cyclo-le-teil.org\/wp-content\/uploads\/2024\/07\/Sans-titre-19-1560x1080.jpeg 1560w, https:\/\/cyclo-le-teil.org\/wp-content\/uploads\/2024\/07\/Sans-titre-19.jpeg 1600w\" sizes=\"(max-width: 1024px) 100vw, 1024px\" \/><\/figure>\n","protected":false},"excerpt":{"rendered":"<p>Comme chaque ann\u00e9e, les cyclos du Teil sont partis faire rayonner la commune hors du d\u00e9partement avec un s\u00e9jour de 6 jours au Lavandou pour neuf cyclistes et leurs conjoints du 05 au 12 juin Avec leurs tenues floqu\u00e9es \u00a0\u00bb LE TEIL \u00a0\u00bb c&rsquo;est tous les matins qu&rsquo;ils ont parcouru les routes varoises. Itin\u00e9raires pr\u00e9par\u00e9s&hellip; <br \/> <a class=\"read-more\" href=\"https:\/\/cyclo-le-teil.org\/index.php\/2024\/07\/24\/sejour-au-lavandou-06-2024\/\">Lire la suite<\/a><\/p>\n","protected":false},"author":1,"featured_media":1048,"comment_status":"open","ping_status":"open","sticky":false,"template":"","format":"standard","meta":{"footnotes":""},"categories":[9],"tags":[],"class_list":["post-1038","post","type-post","status-publish","format-standard","has-post-thumbnail","hentry","category-sejours"],"_links":{"self":[{"href":"https:\/\/cyclo-le-teil.org\/index.php\/wp-json\/wp\/v2\/posts\/1038"}],"collection":[{"href":"https:\/\/cyclo-le-teil.org\/index.php\/wp-json\/wp\/v2\/posts"}],"about":[{"href":"https:\/\/cyclo-le-teil.org\/index.php\/wp-json\/wp\/v2\/types\/post"}],"author":[{"embeddable":true,"href":"https:\/\/cyclo-le-teil.org\/index.php\/wp-json\/wp\/v2\/users\/1"}],"replies":[{"embeddable":true,"href":"https:\/\/cyclo-le-teil.org\/index.php\/wp-json\/wp\/v2\/comments?post=1038"}],"version-history":[{"count":4,"href":"https:\/\/cyclo-le-teil.org\/index.php\/wp-json\/wp\/v2\/posts\/1038\/revisions"}],"predecessor-version":[{"id":1055,"href":"https:\/\/cyclo-le-teil.org\/index.php\/wp-json\/wp\/v2\/posts\/1038\/revisions\/1055"}],"wp:featuredmedia":[{"embeddable":true,"href":"https:\/\/cyclo-le-teil.org\/index.php\/wp-json\/wp\/v2\/media\/1048"}],"wp:attachment":[{"href":"https:\/\/cyclo-le-teil.org\/index.php\/wp-json\/wp\/v2\/media?parent=1038"}],"wp:term":[{"taxonomy":"category","embeddable":true,"href":"https:\/\/cyclo-le-teil.org\/index.php\/wp-json\/wp\/v2\/categories?post=1038"},{"taxonomy":"post_tag","embeddable":true,"href":"https:\/\/cyclo-le-teil.org\/index.php\/wp-json\/wp\/v2\/tags?post=1038"}],"curies":[{"name":"wp","href":"https:\/\/api.w.org\/{rel}","templated":true}]}}